{"id":5214,"date":"2017-09-20T11:56:54","date_gmt":"2017-09-20T09:56:54","guid":{"rendered":"https:\/\/torreloizaga.com\/?p=5214"},"modified":"2020-05-19T22:34:50","modified_gmt":"2020-05-19T20:34:50","slug":"2e-edition-salon-high-motors-a-torre-loizaga","status":"publish","type":"post","link":"https:\/\/torreloizaga.com\/fr\/2e-edition-salon-high-motors-a-torre-loizaga\/","title":{"rendered":"2e \u00c9dition  Salon High Motors  \u00e0 Torre Loizaga"},"content":{"rendered":"<p><span style=\"font-weight: 400;\">Le 29 septembre et tout au long du week-end, l&rsquo;enclave exceptionnelle de la Torre de Loizaga accueillera la II \u00e9dition du High Motors Hall apr\u00e8s la r\u00e9ponse extraordinaire donn\u00e9e \u00e0 l&rsquo;initiative des promoteurs, des marques, des visiteurs et du grand public lors de la derni\u00e8re \u00e9dition de 2016. High Motors est devenu une nouvelle formule pour pr\u00e9senter les produits de luxe dans le monde de l&rsquo;automobile, s&rsquo;imposant ainsi comme un \u00e9v\u00e9nement innovant au service des marques de produits haut de gamme, des \u00e9tablissements et des consommateurs.<\/span><\/p>\n<div id=\"attachment_1873\" style=\"width: 403px\" class=\"wp-caption aligncenter\"><a href=\"https:\/\/torreloizaga.com\/wp-content\/uploads\/2017\/09\/IMG_00591.jpg\"><img loading=\"lazy\" decoding=\"async\" aria-describedby=\"caption-attachment-1873\" class=\"wp-image-1873\" src=\"https:\/\/torreloizaga.com\/wp-content\/uploads\/2017\/09\/IMG_00591-300x199.jpg\" alt=\"Presentaci\u00f3n I Edici\u00f3n de High Motors\" width=\"393\" height=\"261\" \/><\/a><p id=\"caption-attachment-1873\" class=\"wp-caption-text\">Acto de inauguraci\u00f3n de la I Edici\u00f3n con la Galer\u00eda Art Wanson de Marbella<\/p><\/div>\n<p><span style=\"font-weight: 400;\">Cette ann\u00e9e, nous nous sommes tourn\u00e9s pour transformer un \u00e9v\u00e9nement de luxe en une exp\u00e9rience de luxe o\u00f9 le visiteur per\u00e7oit que la chose la plus importante c\u2019est lui et que ses attentes de loisirs soient accomplies, qu&rsquo;il se sent \u00e0 l&rsquo;aise et d\u00e9sireux de revenir \u00e0 une prochaine \u00e9dition. Une salle interactive, permettra aux visiteurs de participer \u00e0 de multiples activit\u00e9s: tests de v\u00e9hicules, musique live, d\u00e9gustations de vins, master classes, d\u00e9gustations, espace restauration d&rsquo;art sont, entre autres, les activit\u00e9s que nous aurons dans cette prochaine \u00e9dition: l&rsquo;objectif \u00e9tant offrir un week-end plein d&rsquo;exp\u00e9riences.<\/span><\/p>\n<div id=\"attachment_1300\" style=\"width: 488px\" class=\"wp-caption aligncenter\"><a href=\"https:\/\/torreloizaga.com\/wp-content\/uploads\/2016\/10\/IMG_2364.jpg\"><img loading=\"lazy\" decoding=\"async\" aria-describedby=\"caption-attachment-1300\" class=\" wp-image-1300\" src=\"https:\/\/torreloizaga.com\/wp-content\/uploads\/2016\/10\/IMG_2364-300x214.jpg\" alt=\"Plaza Bentley\" width=\"478\" height=\"341\" \/><\/a><p id=\"caption-attachment-1300\" class=\"wp-caption-text\">Plaza Bentley<\/p><\/div>\n<p>&nbsp;<\/p>\n<p><b>Concours d\u00c9l\u00e9gance Autobello Bilbao<\/b><\/p>\n<p><span style=\"font-weight: 400;\">L&rsquo;un des \u00e9v\u00e9nements qui retient le plus l&rsquo;attention du public est celui du Concours d\u2019El\u00e9gance qui aura lieu le samedi 30 apr\u00e8s-midi. Si l&rsquo;ann\u00e9e derni\u00e8re, la prestigieuse firme britannique d&rsquo;ench\u00e8res Bonhams a \u00e9t\u00e9 le moteur du concours, cette ann\u00e9e, nous avons le luxe d&rsquo;avoir un grand professionnel avec un palmar\u00e8s spectaculaire dans des \u00e9v\u00e9nements \u00e9l\u00e9gants. Et c&rsquo;est que dans le monde de l&rsquo;automobile, le directeur du magazine CAR Espa\u00f1a et fondateur du magazine Se\u00f1or Marqu\u00e9s, Emilio Olivares, n&rsquo;a pas besoin d&rsquo;\u00eatre pr\u00e9sent\u00e9. Ce sera lui qui organise le concours d&rsquo;\u00e9l\u00e9gance AUTOBELLO dont il est \u00e9galement le fondateur. Un concours d\u00e9j\u00e0 v\u00e9t\u00e9ran\u00a0 o\u00f9 seules les meilleures voitures et montres correspondent et cette fois-ci avec une participation \u00e9trang\u00e8re puisque le R.R.E.C (Rolls-Royce Enthusiast\u2019s Club) a fait \u00e9cho \u00e0 l&rsquo;\u00e9v\u00e9nement au Royaume-Uni.<\/span><\/p>\n<div id=\"attachment_1855\" style=\"width: 372px\" class=\"wp-caption aligncenter\"><a href=\"https:\/\/torreloizaga.com\/wp-content\/uploads\/2017\/09\/MG_4071.jpg\"><img loading=\"lazy\" decoding=\"async\" aria-describedby=\"caption-attachment-1855\" class=\" wp-image-1855\" src=\"https:\/\/torreloizaga.com\/wp-content\/uploads\/2017\/09\/MG_4071-300x200.jpg\" alt=\"Emilio Olivares como juez de la edici\u00f3n 2016\" width=\"362\" height=\"241\" srcset=\"https:\/\/torreloizaga.com\/wp-content\/uploads\/2017\/09\/MG_4071-300x200.jpg 300w, https:\/\/torreloizaga.com\/wp-content\/uploads\/2017\/09\/MG_4071-768x512.jpg 768w, https:\/\/torreloizaga.com\/wp-content\/uploads\/2017\/09\/MG_4071-1024x683.jpg 1024w, https:\/\/torreloizaga.com\/wp-content\/uploads\/2017\/09\/MG_4071-672x448.jpg 672w, https:\/\/torreloizaga.com\/wp-content\/uploads\/2017\/09\/MG_4071-1038x692.jpg 1038w\" sizes=\"auto, (max-width: 362px) 100vw, 362px\" \/><\/a><p id=\"caption-attachment-1855\" class=\"wp-caption-text\">Emilio Olivares como juez de la edici\u00f3n 2016<\/p><\/div>\n<div id=\"attachment_1200\" style=\"width: 386px\" class=\"wp-caption aligncenter\"><a href=\"https:\/\/torreloizaga.com\/wp-content\/uploads\/2016\/09\/14330025_1168775663195729_8895840357997097976_n.jpg\"><img loading=\"lazy\" decoding=\"async\" aria-describedby=\"caption-attachment-1200\" class=\" wp-image-1200\" src=\"https:\/\/torreloizaga.com\/wp-content\/uploads\/2016\/09\/14330025_1168775663195729_8895840357997097976_n-300x225.jpg\" alt=\"I Edici\u00f3n patrocinada por Bonhams\" width=\"376\" height=\"282\" \/><\/a><p id=\"caption-attachment-1200\" class=\"wp-caption-text\">I Edici\u00f3n patrocinada por Bonhams<\/p><\/div>\n<p><a href=\"https:\/\/torreloizaga.com\/wp-content\/uploads\/2017\/09\/21728222_1983932328557061_4057223475372772423_n.jpg\"><img loading=\"lazy\" decoding=\"async\" class=\"aligncenter wp-image-1858\" src=\"https:\/\/torreloizaga.com\/wp-content\/uploads\/2017\/09\/21728222_1983932328557061_4057223475372772423_n-300x300.jpg\" alt=\"21728222_1983932328557061_4057223475372772423_n\" width=\"335\" height=\"335\" srcset=\"https:\/\/torreloizaga.com\/wp-content\/uploads\/2017\/09\/21728222_1983932328557061_4057223475372772423_n-300x300.jpg 300w, https:\/\/torreloizaga.com\/wp-content\/uploads\/2017\/09\/21728222_1983932328557061_4057223475372772423_n-150x150.jpg 150w, https:\/\/torreloizaga.com\/wp-content\/uploads\/2017\/09\/21728222_1983932328557061_4057223475372772423_n-768x768.jpg 768w, https:\/\/torreloizaga.com\/wp-content\/uploads\/2017\/09\/21728222_1983932328557061_4057223475372772423_n-672x672.jpg 672w, https:\/\/torreloizaga.com\/wp-content\/uploads\/2017\/09\/21728222_1983932328557061_4057223475372772423_n.jpg 960w\" sizes=\"auto, (max-width: 335px) 100vw, 335px\" \/><\/a><\/p>\n<div id=\"attachment_1186\" style=\"width: 393px\" class=\"wp-caption aligncenter\"><a href=\"https:\/\/torreloizaga.com\/wp-content\/uploads\/2016\/09\/CUARRBONH_opt.jpg\"><img loading=\"lazy\" decoding=\"async\" aria-describedby=\"caption-attachment-1186\" class=\" wp-image-1186\" src=\"https:\/\/torreloizaga.com\/wp-content\/uploads\/2016\/09\/CUARRBONH_opt-300x200.jpg\" alt=\"Emilio Olivares, Mar\u00eda LT, Koldo Marcilla, Teresa Ybarra, Alex de Reguero\" width=\"383\" height=\"255\" \/><\/a><p id=\"caption-attachment-1186\" class=\"wp-caption-text\">Emilio Olivares, Mar\u00eda LT, Koldo Marcilla, Teresa Ybarra, Alex de Reguero<\/p><\/div>\n<div id=\"attachment_1341\" style=\"width: 398px\" class=\"wp-caption aligncenter\"><a href=\"https:\/\/torreloizaga.com\/wp-content\/uploads\/2016\/10\/29221451304_0db322f84d_o.jpg\"><img loading=\"lazy\" decoding=\"async\" aria-describedby=\"caption-attachment-1341\" class=\" wp-image-1341\" src=\"https:\/\/torreloizaga.com\/wp-content\/uploads\/2016\/10\/29221451304_0db322f84d_o-300x164.jpg\" alt=\"Desfile por Eaglecam\" width=\"388\" height=\"212\" \/><\/a><p id=\"caption-attachment-1341\" class=\"wp-caption-text\">Desfile por Eaglecam<\/p><\/div>\n<div id=\"attachment_2747\" style=\"width: 701px\" class=\"wp-caption aligncenter\"><img loading=\"lazy\" decoding=\"async\" aria-describedby=\"caption-attachment-2747\" class=\" wp-image-2747\" src=\"https:\/\/torreloizaga.com\/wp-content\/uploads\/2016\/09\/IMG_2276.jpg\" alt=\"\" width=\"691\" height=\"518\" srcset=\"https:\/\/torreloizaga.com\/wp-content\/uploads\/2016\/09\/IMG_2276.jpg 1600w, https:\/\/torreloizaga.com\/wp-content\/uploads\/2016\/09\/IMG_2276-300x225.jpg 300w, https:\/\/torreloizaga.com\/wp-content\/uploads\/2016\/09\/IMG_2276-768x576.jpg 768w, https:\/\/torreloizaga.com\/wp-content\/uploads\/2016\/09\/IMG_2276-1024x768.jpg 1024w, https:\/\/torreloizaga.com\/wp-content\/uploads\/2016\/09\/IMG_2276-672x504.jpg 672w, https:\/\/torreloizaga.com\/wp-content\/uploads\/2016\/09\/IMG_2276-1038x779.jpg 1038w\" sizes=\"auto, (max-width: 691px) 100vw, 691px\" \/><p id=\"caption-attachment-2747\" class=\"wp-caption-text\">Rolls-Royce Silver Ghost en el desfile<\/p><\/div>\n","protected":false},"excerpt":{"rendered":"<p>Le 29 septembre et tout au long du week-end, l&rsquo;enclave exceptionnelle de la Torre de Loizaga accueillera la II \u00e9dition du High Motors Hall apr\u00e8s la r\u00e9ponse extraordinaire donn\u00e9e \u00e0 l&rsquo;initiative des promoteurs, des marques, des visiteurs et du grand public lors de la derni\u00e8re \u00e9dition de 2016. High Motors est devenu une nouvelle formule pour pr\u00e9senter les produits de [&hellip;]<\/p>\n","protected":false},"author":2,"featured_media":6213,"comment_status":"closed","ping_status":"closed","sticky":false,"template":"","format":"standard","meta":{"_acf_changed":false,"rs_blank_template":"","rs_page_bg_color":"#ffffff","slide_template_v7":"","inline_featured_image":false,"footnotes":""},"categories":[383,394],"tags":[478,479],"class_list":["post-5214","post","type-post","status-publish","format-standard","has-post-thumbnail","hentry","category-evenements","category-news-fr","tag-the-basque-route-fr","tag-torre-loizaga-fr"],"acf":[],"yoast_head":"<!-- This site is optimized with the Yoast SEO plugin v28.3 - https:\/\/yoast.com\/product\/yoast-seo-wordpress\/ -->\n<title>2e \u00c9dition Salon High Motors \u00e0 Torre Loizaga - Torre Loizaga<\/title>\n<meta name=\"robots\" content=\"index, follow, max-snippet:-1, max-image-preview:large, max-video-preview:-1\" \/>\n<link rel=\"canonical\" href=\"https:\/\/torreloizaga.com\/fr\/2e-edition-salon-high-motors-a-torre-loizaga\/\" \/>\n<meta property=\"og:locale\" content=\"fr_FR\" \/>\n<meta property=\"og:type\" content=\"article\" \/>\n<meta property=\"og:title\" content=\"2e \u00c9dition Salon High Motors \u00e0 Torre Loizaga - Torre Loizaga\" \/>\n<meta property=\"og:description\" content=\"Le 29 septembre et tout au long du week-end, l&rsquo;enclave exceptionnelle de la Torre de Loizaga accueillera la II \u00e9dition du High Motors Hall apr\u00e8s la r\u00e9ponse extraordinaire donn\u00e9e \u00e0 l&rsquo;initiative des promoteurs, des marques, des visiteurs et du grand public lors de la derni\u00e8re \u00e9dition de 2016. High Motors est devenu une nouvelle formule pour pr\u00e9senter les produits de [&hellip;]\" \/>\n<meta property=\"og:url\" content=\"https:\/\/torreloizaga.com\/fr\/2e-edition-salon-high-motors-a-torre-loizaga\/\" \/>\n<meta property=\"og:site_name\" content=\"Torre Loizaga\" \/>\n<meta property=\"article:publisher\" content=\"https:\/\/www.facebook.com\/TorreLoizaga\" \/>\n<meta property=\"article:published_time\" content=\"2017-09-20T09:56:54+00:00\" \/>\n<meta property=\"article:modified_time\" content=\"2020-05-19T20:34:50+00:00\" \/>\n<meta property=\"og:image\" content=\"https:\/\/torreloizaga.com\/wp-content\/uploads\/2017\/09\/IMG_0059-1-1024x682.jpg\" \/>\n\t<meta property=\"og:image:width\" content=\"1024\" \/>\n\t<meta property=\"og:image:height\" content=\"682\" \/>\n\t<meta property=\"og:image:type\" content=\"image\/jpeg\" \/>\n<meta name=\"author\" content=\"Torre-Loizaga\" \/>\n<meta name=\"twitter:card\" content=\"summary_large_image\" \/>\n<meta name=\"twitter:creator\" content=\"@torreloizaga\" \/>\n<meta name=\"twitter:site\" content=\"@torreloizaga\" \/>\n<meta name=\"twitter:label1\" content=\"\u00c9crit par\" \/>\n\t<meta name=\"twitter:data1\" content=\"Torre-Loizaga\" \/>\n\t<meta name=\"twitter:label2\" content=\"Dur\u00e9e de lecture estim\u00e9e\" \/>\n\t<meta name=\"twitter:data2\" content=\"2 minutes\" \/>\n<script type=\"application\/ld+json\" class=\"yoast-schema-graph\">{\"@context\":\"https:\\\/\\\/schema.org\",\"@graph\":[{\"@type\":\"Article\",\"@id\":\"https:\\\/\\\/torreloizaga.com\\\/fr\\\/2e-edition-salon-high-motors-a-torre-loizaga\\\/#article\",\"isPartOf\":{\"@id\":\"https:\\\/\\\/torreloizaga.com\\\/fr\\\/2e-edition-salon-high-motors-a-torre-loizaga\\\/\"},\"author\":{\"name\":\"Torre-Loizaga\",\"@id\":\"https:\\\/\\\/torreloizaga.com\\\/fr\\\/#\\\/schema\\\/person\\\/099a2b5b59f5ac09867e108341634361\"},\"headline\":\"2e \u00c9dition Salon High Motors \u00e0 Torre Loizaga\",\"datePublished\":\"2017-09-20T09:56:54+00:00\",\"dateModified\":\"2020-05-19T20:34:50+00:00\",\"mainEntityOfPage\":{\"@id\":\"https:\\\/\\\/torreloizaga.com\\\/fr\\\/2e-edition-salon-high-motors-a-torre-loizaga\\\/\"},\"wordCount\":483,\"publisher\":{\"@id\":\"https:\\\/\\\/torreloizaga.com\\\/fr\\\/#organization\"},\"image\":{\"@id\":\"https:\\\/\\\/torreloizaga.com\\\/fr\\\/2e-edition-salon-high-motors-a-torre-loizaga\\\/#primaryimage\"},\"thumbnailUrl\":\"https:\\\/\\\/torreloizaga.com\\\/wp-content\\\/uploads\\\/2017\\\/09\\\/IMG_0059-1.jpg\",\"keywords\":[\"The Basque Route\",\"torre-loizaga\"],\"articleSection\":[\"\u00c9v\u00e9nements\",\"News\"],\"inLanguage\":\"fr-FR\"},{\"@type\":\"WebPage\",\"@id\":\"https:\\\/\\\/torreloizaga.com\\\/fr\\\/2e-edition-salon-high-motors-a-torre-loizaga\\\/\",\"url\":\"https:\\\/\\\/torreloizaga.com\\\/fr\\\/2e-edition-salon-high-motors-a-torre-loizaga\\\/\",\"name\":\"2e \u00c9dition Salon High Motors \u00e0 Torre Loizaga - Torre Loizaga\",\"isPartOf\":{\"@id\":\"https:\\\/\\\/torreloizaga.com\\\/fr\\\/#website\"},\"primaryImageOfPage\":{\"@id\":\"https:\\\/\\\/torreloizaga.com\\\/fr\\\/2e-edition-salon-high-motors-a-torre-loizaga\\\/#primaryimage\"},\"image\":{\"@id\":\"https:\\\/\\\/torreloizaga.com\\\/fr\\\/2e-edition-salon-high-motors-a-torre-loizaga\\\/#primaryimage\"},\"thumbnailUrl\":\"https:\\\/\\\/torreloizaga.com\\\/wp-content\\\/uploads\\\/2017\\\/09\\\/IMG_0059-1.jpg\",\"datePublished\":\"2017-09-20T09:56:54+00:00\",\"dateModified\":\"2020-05-19T20:34:50+00:00\",\"breadcrumb\":{\"@id\":\"https:\\\/\\\/torreloizaga.com\\\/fr\\\/2e-edition-salon-high-motors-a-torre-loizaga\\\/#breadcrumb\"},\"inLanguage\":\"fr-FR\",\"potentialAction\":[{\"@type\":\"ReadAction\",\"target\":[\"https:\\\/\\\/torreloizaga.com\\\/fr\\\/2e-edition-salon-high-motors-a-torre-loizaga\\\/\"]}]},{\"@type\":\"ImageObject\",\"inLanguage\":\"fr-FR\",\"@id\":\"https:\\\/\\\/torreloizaga.com\\\/fr\\\/2e-edition-salon-high-motors-a-torre-loizaga\\\/#primaryimage\",\"url\":\"https:\\\/\\\/torreloizaga.com\\\/wp-content\\\/uploads\\\/2017\\\/09\\\/IMG_0059-1.jpg\",\"contentUrl\":\"https:\\\/\\\/torreloizaga.com\\\/wp-content\\\/uploads\\\/2017\\\/09\\\/IMG_0059-1.jpg\",\"width\":2560,\"height\":1706},{\"@type\":\"BreadcrumbList\",\"@id\":\"https:\\\/\\\/torreloizaga.com\\\/fr\\\/2e-edition-salon-high-motors-a-torre-loizaga\\\/#breadcrumb\",\"itemListElement\":[{\"@type\":\"ListItem\",\"position\":1,\"name\":\"Portada\",\"item\":\"https:\\\/\\\/torreloizaga.com\\\/fr\\\/\"},{\"@type\":\"ListItem\",\"position\":2,\"name\":\"2e \u00c9dition Salon High Motors \u00e0 Torre Loizaga\"}]},{\"@type\":\"WebSite\",\"@id\":\"https:\\\/\\\/torreloizaga.com\\\/fr\\\/#website\",\"url\":\"https:\\\/\\\/torreloizaga.com\\\/fr\\\/\",\"name\":\"Torre Loizaga\",\"description\":\"Mus\u00e9e des voitures classiques\",\"publisher\":{\"@id\":\"https:\\\/\\\/torreloizaga.com\\\/fr\\\/#organization\"},\"potentialAction\":[{\"@type\":\"SearchAction\",\"target\":{\"@type\":\"EntryPoint\",\"urlTemplate\":\"https:\\\/\\\/torreloizaga.com\\\/fr\\\/?s={search_term_string}\"},\"query-input\":{\"@type\":\"PropertyValueSpecification\",\"valueRequired\":true,\"valueName\":\"search_term_string\"}}],\"inLanguage\":\"fr-FR\"},{\"@type\":\"Organization\",\"@id\":\"https:\\\/\\\/torreloizaga.com\\\/fr\\\/#organization\",\"name\":\"Torre Loizaga\",\"url\":\"https:\\\/\\\/torreloizaga.com\\\/fr\\\/\",\"logo\":{\"@type\":\"ImageObject\",\"inLanguage\":\"fr-FR\",\"@id\":\"https:\\\/\\\/torreloizaga.com\\\/fr\\\/#\\\/schema\\\/logo\\\/image\\\/\",\"url\":\"https:\\\/\\\/torreloizaga.com\\\/wp-content\\\/uploads\\\/2019\\\/11\\\/cmv-logo.png\",\"contentUrl\":\"https:\\\/\\\/torreloizaga.com\\\/wp-content\\\/uploads\\\/2019\\\/11\\\/cmv-logo.png\",\"width\":126,\"height\":126,\"caption\":\"Torre Loizaga\"},\"image\":{\"@id\":\"https:\\\/\\\/torreloizaga.com\\\/fr\\\/#\\\/schema\\\/logo\\\/image\\\/\"},\"sameAs\":[\"https:\\\/\\\/www.facebook.com\\\/TorreLoizaga\",\"https:\\\/\\\/x.com\\\/torreloizaga\",\"https:\\\/\\\/www.instagram.com\\\/torreloizaga\\\/\",\"https:\\\/\\\/www.linkedin.com\\\/in\\\/marialopeztapia\",\"https:\\\/\\\/www.youtube.com\\\/channel\\\/UCTCV4tYrMj20FDcRrkHQ5jw\"]},{\"@type\":\"Person\",\"@id\":\"https:\\\/\\\/torreloizaga.com\\\/fr\\\/#\\\/schema\\\/person\\\/099a2b5b59f5ac09867e108341634361\",\"name\":\"Torre-Loizaga\",\"url\":\"https:\\\/\\\/torreloizaga.com\\\/fr\\\/author\\\/torre-loizaga\\\/\"}]}<\/script>\n<!-- \/ Yoast SEO plugin. -->","yoast_head_json":{"title":"2e \u00c9dition Salon High Motors \u00e0 Torre Loizaga - Torre Loizaga","robots":{"index":"index","follow":"follow","max-snippet":"max-snippet:-1","max-image-preview":"max-image-preview:large","max-video-preview":"max-video-preview:-1"},"canonical":"https:\/\/torreloizaga.com\/fr\/2e-edition-salon-high-motors-a-torre-loizaga\/","og_locale":"fr_FR","og_type":"article","og_title":"2e \u00c9dition Salon High Motors \u00e0 Torre Loizaga - Torre Loizaga","og_description":"Le 29 septembre et tout au long du week-end, l&rsquo;enclave exceptionnelle de la Torre de Loizaga accueillera la II \u00e9dition du High Motors Hall apr\u00e8s la r\u00e9ponse extraordinaire donn\u00e9e \u00e0 l&rsquo;initiative des promoteurs, des marques, des visiteurs et du grand public lors de la derni\u00e8re \u00e9dition de 2016. High Motors est devenu une nouvelle formule pour pr\u00e9senter les produits de [&hellip;]","og_url":"https:\/\/torreloizaga.com\/fr\/2e-edition-salon-high-motors-a-torre-loizaga\/","og_site_name":"Torre Loizaga","article_publisher":"https:\/\/www.facebook.com\/TorreLoizaga","article_published_time":"2017-09-20T09:56:54+00:00","article_modified_time":"2020-05-19T20:34:50+00:00","og_image":[{"width":1024,"height":682,"url":"https:\/\/torreloizaga.com\/wp-content\/uploads\/2017\/09\/IMG_0059-1-1024x682.jpg","type":"image\/jpeg"}],"author":"Torre-Loizaga","twitter_card":"summary_large_image","twitter_creator":"@torreloizaga","twitter_site":"@torreloizaga","twitter_misc":{"\u00c9crit par":"Torre-Loizaga","Dur\u00e9e de lecture estim\u00e9e":"2 minutes"},"schema":{"@context":"https:\/\/schema.org","@graph":[{"@type":"Article","@id":"https:\/\/torreloizaga.com\/fr\/2e-edition-salon-high-motors-a-torre-loizaga\/#article","isPartOf":{"@id":"https:\/\/torreloizaga.com\/fr\/2e-edition-salon-high-motors-a-torre-loizaga\/"},"author":{"name":"Torre-Loizaga","@id":"https:\/\/torreloizaga.com\/fr\/#\/schema\/person\/099a2b5b59f5ac09867e108341634361"},"headline":"2e \u00c9dition Salon High Motors \u00e0 Torre Loizaga","datePublished":"2017-09-20T09:56:54+00:00","dateModified":"2020-05-19T20:34:50+00:00","mainEntityOfPage":{"@id":"https:\/\/torreloizaga.com\/fr\/2e-edition-salon-high-motors-a-torre-loizaga\/"},"wordCount":483,"publisher":{"@id":"https:\/\/torreloizaga.com\/fr\/#organization"},"image":{"@id":"https:\/\/torreloizaga.com\/fr\/2e-edition-salon-high-motors-a-torre-loizaga\/#primaryimage"},"thumbnailUrl":"https:\/\/torreloizaga.com\/wp-content\/uploads\/2017\/09\/IMG_0059-1.jpg","keywords":["The Basque Route","torre-loizaga"],"articleSection":["\u00c9v\u00e9nements","News"],"inLanguage":"fr-FR"},{"@type":"WebPage","@id":"https:\/\/torreloizaga.com\/fr\/2e-edition-salon-high-motors-a-torre-loizaga\/","url":"https:\/\/torreloizaga.com\/fr\/2e-edition-salon-high-motors-a-torre-loizaga\/","name":"2e \u00c9dition Salon High Motors \u00e0 Torre Loizaga - Torre Loizaga","isPartOf":{"@id":"https:\/\/torreloizaga.com\/fr\/#website"},"primaryImageOfPage":{"@id":"https:\/\/torreloizaga.com\/fr\/2e-edition-salon-high-motors-a-torre-loizaga\/#primaryimage"},"image":{"@id":"https:\/\/torreloizaga.com\/fr\/2e-edition-salon-high-motors-a-torre-loizaga\/#primaryimage"},"thumbnailUrl":"https:\/\/torreloizaga.com\/wp-content\/uploads\/2017\/09\/IMG_0059-1.jpg","datePublished":"2017-09-20T09:56:54+00:00","dateModified":"2020-05-19T20:34:50+00:00","breadcrumb":{"@id":"https:\/\/torreloizaga.com\/fr\/2e-edition-salon-high-motors-a-torre-loizaga\/#breadcrumb"},"inLanguage":"fr-FR","potentialAction":[{"@type":"ReadAction","target":["https:\/\/torreloizaga.com\/fr\/2e-edition-salon-high-motors-a-torre-loizaga\/"]}]},{"@type":"ImageObject","inLanguage":"fr-FR","@id":"https:\/\/torreloizaga.com\/fr\/2e-edition-salon-high-motors-a-torre-loizaga\/#primaryimage","url":"https:\/\/torreloizaga.com\/wp-content\/uploads\/2017\/09\/IMG_0059-1.jpg","contentUrl":"https:\/\/torreloizaga.com\/wp-content\/uploads\/2017\/09\/IMG_0059-1.jpg","width":2560,"height":1706},{"@type":"BreadcrumbList","@id":"https:\/\/torreloizaga.com\/fr\/2e-edition-salon-high-motors-a-torre-loizaga\/#breadcrumb","itemListElement":[{"@type":"ListItem","position":1,"name":"Portada","item":"https:\/\/torreloizaga.com\/fr\/"},{"@type":"ListItem","position":2,"name":"2e \u00c9dition Salon High Motors \u00e0 Torre Loizaga"}]},{"@type":"WebSite","@id":"https:\/\/torreloizaga.com\/fr\/#website","url":"https:\/\/torreloizaga.com\/fr\/","name":"Torre Loizaga","description":"Mus\u00e9e des voitures classiques","publisher":{"@id":"https:\/\/torreloizaga.com\/fr\/#organization"},"potentialAction":[{"@type":"SearchAction","target":{"@type":"EntryPoint","urlTemplate":"https:\/\/torreloizaga.com\/fr\/?s={search_term_string}"},"query-input":{"@type":"PropertyValueSpecification","valueRequired":true,"valueName":"search_term_string"}}],"inLanguage":"fr-FR"},{"@type":"Organization","@id":"https:\/\/torreloizaga.com\/fr\/#organization","name":"Torre Loizaga","url":"https:\/\/torreloizaga.com\/fr\/","logo":{"@type":"ImageObject","inLanguage":"fr-FR","@id":"https:\/\/torreloizaga.com\/fr\/#\/schema\/logo\/image\/","url":"https:\/\/torreloizaga.com\/wp-content\/uploads\/2019\/11\/cmv-logo.png","contentUrl":"https:\/\/torreloizaga.com\/wp-content\/uploads\/2019\/11\/cmv-logo.png","width":126,"height":126,"caption":"Torre Loizaga"},"image":{"@id":"https:\/\/torreloizaga.com\/fr\/#\/schema\/logo\/image\/"},"sameAs":["https:\/\/www.facebook.com\/TorreLoizaga","https:\/\/x.com\/torreloizaga","https:\/\/www.instagram.com\/torreloizaga\/","https:\/\/www.linkedin.com\/in\/marialopeztapia","https:\/\/www.youtube.com\/channel\/UCTCV4tYrMj20FDcRrkHQ5jw"]},{"@type":"Person","@id":"https:\/\/torreloizaga.com\/fr\/#\/schema\/person\/099a2b5b59f5ac09867e108341634361","name":"Torre-Loizaga","url":"https:\/\/torreloizaga.com\/fr\/author\/torre-loizaga\/"}]}},"_links":{"self":[{"href":"https:\/\/torreloizaga.com\/fr\/wp-json\/wp\/v2\/posts\/5214","targetHints":{"allow":["GET"]}}],"collection":[{"href":"https:\/\/torreloizaga.com\/fr\/wp-json\/wp\/v2\/posts"}],"about":[{"href":"https:\/\/torreloizaga.com\/fr\/wp-json\/wp\/v2\/types\/post"}],"author":[{"embeddable":true,"href":"https:\/\/torreloizaga.com\/fr\/wp-json\/wp\/v2\/users\/2"}],"replies":[{"embeddable":true,"href":"https:\/\/torreloizaga.com\/fr\/wp-json\/wp\/v2\/comments?post=5214"}],"version-history":[{"count":1,"href":"https:\/\/torreloizaga.com\/fr\/wp-json\/wp\/v2\/posts\/5214\/revisions"}],"predecessor-version":[{"id":5234,"href":"https:\/\/torreloizaga.com\/fr\/wp-json\/wp\/v2\/posts\/5214\/revisions\/5234"}],"wp:featuredmedia":[{"embeddable":true,"href":"https:\/\/torreloizaga.com\/fr\/wp-json\/wp\/v2\/media\/6213"}],"wp:attachment":[{"href":"https:\/\/torreloizaga.com\/fr\/wp-json\/wp\/v2\/media?parent=5214"}],"wp:term":[{"taxonomy":"category","embeddable":true,"href":"https:\/\/torreloizaga.com\/fr\/wp-json\/wp\/v2\/categories?post=5214"},{"taxonomy":"post_tag","embeddable":true,"href":"https:\/\/torreloizaga.com\/fr\/wp-json\/wp\/v2\/tags?post=5214"}],"curies":[{"name":"wp","href":"https:\/\/api.w.org\/{rel}","templated":true}]}}