{"id":2890,"date":"2015-08-07T11:09:45","date_gmt":"2015-08-07T11:09:45","guid":{"rendered":"https:\/\/torreloizaga.com.com\/blog\/?p=680"},"modified":"2020-06-16T13:10:11","modified_gmt":"2020-06-16T11:10:11","slug":"un-nuevo-reportaje-sobre-torre-loizaga-en-la-revista-marca","status":"publish","type":"post","link":"https:\/\/torreloizaga.com\/en\/un-nuevo-reportaje-sobre-torre-loizaga-en-la-revista-marca\/","title":{"rendered":"Reportaje de la revista Marca sobre la Colecci\u00f3n Miguel de la V\u00eda"},"content":{"rendered":"<p>Siempre es una agradable sorpresa ver reflejada en los medios de comunicaci\u00f3n la <strong>&#8220;Colecci\u00f3n Miguel de la V\u00eda-CMV<\/strong>&#8221; de Coches Cl\u00e1sicos que alberga Torre Loizaga. Tras el extenso reportaje que nos dedic\u00f3 la revista <strong>&#8220;\u00a1Hola!&#8221;<\/strong> el mes pasado, ahora ha sido el semanal especializado <strong>&#8220;Marca&#8221;<\/strong> el que con el sugerente t\u00edtulo de <a href=\"http:\/\/www.marca.com\/2015\/08\/03\/motor\/ocio\/1438582930.html\">&#8220;El Santuario de los Rolls-Royce&#8221;<\/a> recorre los entresijos de la Colecci\u00f3n y de la figura de su fundador, <strong>Miguel de la V\u00eda<\/strong>, en estos t\u00e9rminos: &#8220;<em>Seguro que a cualquier artista del Renacimiento, le hubiera gustado ser el creador de este mito. Una mezcla de exotismo y distinci\u00f3n; pero tambi\u00e9n la pura t\u00e9cnica, el genio y la artesan\u00eda que es un Rolls-Royce. El empresario y pintor espa\u00f1ol Miguel de la V\u00eda podr\u00eda haber sido uno de ellos, un artista del siglo XV. Hasta su muerte en 2009 fue, a su manera y como muchos de estos pensadores, un hombre inquieto e ingenioso, dedicado a muchas artes y actividades distintas. S\u00f3lo as\u00ed se entiende lo variado, inesperado y maravilloso de su legado, as\u00ed como lo enigm\u00e1tico de su vida personal!<\/em><br \/>\n<a href=\"https:\/\/torreloizaga.com\/wp-content\/uploads\/2015\/08\/IMG_6088-1.jpg\"><img loading=\"lazy\" decoding=\"async\" class=\"aligncenter size-medium wp-image-687\" src=\"https:\/\/torreloizaga.com\/wp-content\/uploads\/2015\/08\/IMG_6088-1-300x195.jpg\" alt=\"IMG_6088 (1)\" width=\"300\" height=\"195\" \/><\/a><br \/>\nEl autor contin\u00faa con los siguientes apuntes: <em>&#8220;Al fin y al cabo, estamos ante la persona que reh\u00edzo un torre\u00f3n medieval de Galdames para alojar all\u00ed una enorme cantidad de autom\u00f3viles de colecci\u00f3n, entre los que figura la mayor colecci\u00f3n de Rolls-Royce que podemos encontrar en el mundo. Eso s\u00f3lo es una gran haza\u00f1a. Y tambi\u00e9n un hito para todo aficionado al automovilismo&#8221;<\/em><\/p>\n<div id=\"attachment_682\" style=\"width: 310px\" class=\"wp-caption aligncenter\"><a href=\"https:\/\/torreloizaga.com\/wp-content\/uploads\/2015\/08\/IMG_6068.jpg\"><img loading=\"lazy\" decoding=\"async\" aria-describedby=\"caption-attachment-682\" class=\"size-medium wp-image-682\" src=\"https:\/\/torreloizaga.com\/wp-content\/uploads\/2015\/08\/IMG_6068-300x200.jpg\" alt=\"National Classic Tour\" width=\"300\" height=\"200\" \/><\/a><p id=\"caption-attachment-682\" class=\"wp-caption-text\">National Classic Tour<\/p><\/div>\n<div id=\"attachment_683\" style=\"width: 310px\" class=\"wp-caption aligncenter\"><a href=\"https:\/\/torreloizaga.com\/wp-content\/uploads\/2015\/08\/IMG_6069.jpg\"><img loading=\"lazy\" decoding=\"async\" aria-describedby=\"caption-attachment-683\" class=\"size-medium wp-image-683\" src=\"https:\/\/torreloizaga.com\/wp-content\/uploads\/2015\/08\/IMG_6069-300x151.jpg\" alt=\"Rally Rolls-Royce Enthusiast's Club\" width=\"300\" height=\"151\" \/><\/a><p id=\"caption-attachment-683\" class=\"wp-caption-text\">Rally Rolls-Royce Enthusiast&#8217;s Club<\/p><\/div>\n<p><em>&#8220;Aparentemente la decisi\u00f3n de albergar una colecci\u00f3n de coches antiguos y cl\u00e1sicos en la Torre de Loizaga podr\u00eda parecer fortuita, pero nada m\u00e1s lejos de la realidad. Tras la costosa y respetuosa restauraci\u00f3n, tanto la casa como del torre\u00f3n defensivo medieval, y la reutilizaci\u00f3n de todo el arsenal defensivo de cara a una funci\u00f3n puramente est\u00e9tica y recreacional, ahora nadie duda de lo visionario de la idea del espa\u00f1ol&#8221;<\/em><\/p>\n<div id=\"attachment_684\" style=\"width: 310px\" class=\"wp-caption aligncenter\"><a href=\"https:\/\/torreloizaga.com\/wp-content\/uploads\/2015\/08\/IMG_6070.jpg\"><img loading=\"lazy\" decoding=\"async\" aria-describedby=\"caption-attachment-684\" class=\"size-medium wp-image-684\" src=\"https:\/\/torreloizaga.com\/wp-content\/uploads\/2015\/08\/IMG_6070-300x187.jpg\" alt=\"Retrocl\u00e1sica Bilbao BEC 110 a\u00f1os de Rolls-Royce\" width=\"300\" height=\"187\" \/><\/a><p id=\"caption-attachment-684\" class=\"wp-caption-text\">Retrocl\u00e1sica Bilbao BEC<br \/>110 a\u00f1os de Rolls-Royce<\/p><\/div>\n<p>Agradecemos desde estas l\u00edneas al autor y a la revista Marca por tan amable art\u00edculo y les animamos a visitarnos en Torre Loizaga en Galdames, en la comarca de <a href=\"http:\/\/www.visitenkarterri.com\/\"><strong>Encartaciones\/Enkarterri<\/strong><\/a><\/p>\n","protected":false},"excerpt":{"rendered":"<p>Siempre es una agradable sorpresa ver reflejada en los medios de comunicaci\u00f3n la &#8220;Colecci\u00f3n Miguel de la V\u00eda-CMV&#8221; de Coches Cl\u00e1sicos que alberga Torre Loizaga. Tras el extenso reportaje que nos dedic\u00f3 la revista &#8220;\u00a1Hola!&#8221; el mes pasado, ahora ha sido el semanal especializado &#8220;Marca&#8221; el que con el sugerente t\u00edtulo de &#8220;El Santuario de los Rolls-Royce&#8221; recorre los entresijos [&hellip;]<\/p>\n","protected":false},"author":2,"featured_media":2386,"comment_status":"closed","ping_status":"closed","sticky":false,"template":"","format":"standard","meta":{"_acf_changed":false,"rs_blank_template":"","rs_page_bg_color":"#ffffff","slide_template_v7":"","inline_featured_image":false,"footnotes":""},"categories":[56],"tags":[108,20,109,22,68,110,366,27,32],"class_list":["post-2890","post","type-post","status-publish","format-standard","has-post-thumbnail","hentry","category-noticias","tag-hola","tag-coches-clasicos","tag-coleccion-miguel-de-la-via","tag-encartaciones","tag-enkarterri-2","tag-marca","tag-prensa","tag-rolls-royce","tag-torre-loizaga"],"acf":[],"yoast_head":"<!-- This site is optimized with the Yoast SEO plugin v28.3 - https:\/\/yoast.com\/product\/yoast-seo-wordpress\/ -->\n<title>Reportaje de la revista Marca sobre la Colecci\u00f3n Miguel de la V\u00eda - Torre Loizaga<\/title>\n<meta name=\"robots\" content=\"index, follow, max-snippet:-1, max-image-preview:large, max-video-preview:-1\" \/>\n<link rel=\"canonical\" href=\"https:\/\/torreloizaga.com\/en\/un-nuevo-reportaje-sobre-torre-loizaga-en-la-revista-marca\/\" \/>\n<meta property=\"og:locale\" content=\"en_US\" \/>\n<meta property=\"og:type\" content=\"article\" \/>\n<meta property=\"og:title\" content=\"Reportaje de la revista Marca sobre la Colecci\u00f3n Miguel de la V\u00eda - Torre Loizaga\" \/>\n<meta property=\"og:description\" content=\"Siempre es una agradable sorpresa ver reflejada en los medios de comunicaci\u00f3n la &#8220;Colecci\u00f3n Miguel de la V\u00eda-CMV&#8221; de Coches Cl\u00e1sicos que alberga Torre Loizaga. Tras el extenso reportaje que nos dedic\u00f3 la revista &#8220;\u00a1Hola!&#8221; el mes pasado, ahora ha sido el semanal especializado &#8220;Marca&#8221; el que con el sugerente t\u00edtulo de &#8220;El Santuario de los Rolls-Royce&#8221; recorre los entresijos [&hellip;]\" \/>\n<meta property=\"og:url\" content=\"https:\/\/torreloizaga.com\/en\/un-nuevo-reportaje-sobre-torre-loizaga-en-la-revista-marca\/\" \/>\n<meta property=\"og:site_name\" content=\"Torre Loizaga\" \/>\n<meta property=\"article:publisher\" content=\"https:\/\/www.facebook.com\/TorreLoizaga\" \/>\n<meta property=\"article:published_time\" content=\"2015-08-07T11:09:45+00:00\" \/>\n<meta property=\"article:modified_time\" content=\"2020-06-16T11:10:11+00:00\" \/>\n<meta property=\"og:image\" content=\"https:\/\/torreloizaga.com\/wp-content\/uploads\/2015\/08\/IMG_6068.jpg\" \/>\n\t<meta property=\"og:image:width\" content=\"450\" \/>\n\t<meta property=\"og:image:height\" content=\"300\" \/>\n\t<meta property=\"og:image:type\" content=\"image\/jpeg\" \/>\n<meta name=\"author\" content=\"Torre-Loizaga\" \/>\n<meta name=\"twitter:card\" content=\"summary_large_image\" \/>\n<meta name=\"twitter:creator\" content=\"@torreloizaga\" \/>\n<meta name=\"twitter:site\" content=\"@torreloizaga\" \/>\n<meta name=\"twitter:label1\" content=\"Written by\" \/>\n\t<meta name=\"twitter:data1\" content=\"Torre-Loizaga\" \/>\n\t<meta name=\"twitter:label2\" content=\"Est. reading time\" \/>\n\t<meta name=\"twitter:data2\" content=\"2 minutes\" \/>\n<script type=\"application\/ld+json\" class=\"yoast-schema-graph\">{\"@context\":\"https:\\\/\\\/schema.org\",\"@graph\":[{\"@type\":\"Article\",\"@id\":\"https:\\\/\\\/torreloizaga.com\\\/en\\\/un-nuevo-reportaje-sobre-torre-loizaga-en-la-revista-marca\\\/#article\",\"isPartOf\":{\"@id\":\"https:\\\/\\\/torreloizaga.com\\\/en\\\/un-nuevo-reportaje-sobre-torre-loizaga-en-la-revista-marca\\\/\"},\"author\":{\"name\":\"Torre-Loizaga\",\"@id\":\"https:\\\/\\\/torreloizaga.com\\\/en\\\/#\\\/schema\\\/person\\\/099a2b5b59f5ac09867e108341634361\"},\"headline\":\"Reportaje de la revista Marca sobre la Colecci\u00f3n Miguel de la V\u00eda\",\"datePublished\":\"2015-08-07T11:09:45+00:00\",\"dateModified\":\"2020-06-16T11:10:11+00:00\",\"mainEntityOfPage\":{\"@id\":\"https:\\\/\\\/torreloizaga.com\\\/en\\\/un-nuevo-reportaje-sobre-torre-loizaga-en-la-revista-marca\\\/\"},\"wordCount\":432,\"publisher\":{\"@id\":\"https:\\\/\\\/torreloizaga.com\\\/en\\\/#organization\"},\"image\":{\"@id\":\"https:\\\/\\\/torreloizaga.com\\\/en\\\/un-nuevo-reportaje-sobre-torre-loizaga-en-la-revista-marca\\\/#primaryimage\"},\"thumbnailUrl\":\"https:\\\/\\\/torreloizaga.com\\\/wp-content\\\/uploads\\\/2015\\\/08\\\/IMG_6068.jpg\",\"keywords\":[\"\u00a1Hola!\",\"coches cl\u00e1sicos\",\"Colecci\u00f3n Miguel de la V\u00eda\",\"Encartaciones\",\"Enkarterri\",\"Marca\",\"Prensa\",\"Rolls-Royce\",\"torre-loizaga\"],\"articleSection\":[\"Noticias\"],\"inLanguage\":\"en-US\"},{\"@type\":\"WebPage\",\"@id\":\"https:\\\/\\\/torreloizaga.com\\\/en\\\/un-nuevo-reportaje-sobre-torre-loizaga-en-la-revista-marca\\\/\",\"url\":\"https:\\\/\\\/torreloizaga.com\\\/en\\\/un-nuevo-reportaje-sobre-torre-loizaga-en-la-revista-marca\\\/\",\"name\":\"Reportaje de la revista Marca sobre la Colecci\u00f3n Miguel de la V\u00eda - Torre Loizaga\",\"isPartOf\":{\"@id\":\"https:\\\/\\\/torreloizaga.com\\\/en\\\/#website\"},\"primaryImageOfPage\":{\"@id\":\"https:\\\/\\\/torreloizaga.com\\\/en\\\/un-nuevo-reportaje-sobre-torre-loizaga-en-la-revista-marca\\\/#primaryimage\"},\"image\":{\"@id\":\"https:\\\/\\\/torreloizaga.com\\\/en\\\/un-nuevo-reportaje-sobre-torre-loizaga-en-la-revista-marca\\\/#primaryimage\"},\"thumbnailUrl\":\"https:\\\/\\\/torreloizaga.com\\\/wp-content\\\/uploads\\\/2015\\\/08\\\/IMG_6068.jpg\",\"datePublished\":\"2015-08-07T11:09:45+00:00\",\"dateModified\":\"2020-06-16T11:10:11+00:00\",\"breadcrumb\":{\"@id\":\"https:\\\/\\\/torreloizaga.com\\\/en\\\/un-nuevo-reportaje-sobre-torre-loizaga-en-la-revista-marca\\\/#breadcrumb\"},\"inLanguage\":\"en-US\",\"potentialAction\":[{\"@type\":\"ReadAction\",\"target\":[\"https:\\\/\\\/torreloizaga.com\\\/en\\\/un-nuevo-reportaje-sobre-torre-loizaga-en-la-revista-marca\\\/\"]}]},{\"@type\":\"ImageObject\",\"inLanguage\":\"en-US\",\"@id\":\"https:\\\/\\\/torreloizaga.com\\\/en\\\/un-nuevo-reportaje-sobre-torre-loizaga-en-la-revista-marca\\\/#primaryimage\",\"url\":\"https:\\\/\\\/torreloizaga.com\\\/wp-content\\\/uploads\\\/2015\\\/08\\\/IMG_6068.jpg\",\"contentUrl\":\"https:\\\/\\\/torreloizaga.com\\\/wp-content\\\/uploads\\\/2015\\\/08\\\/IMG_6068.jpg\",\"width\":450,\"height\":300,\"caption\":\"National Classic Tour\"},{\"@type\":\"BreadcrumbList\",\"@id\":\"https:\\\/\\\/torreloizaga.com\\\/en\\\/un-nuevo-reportaje-sobre-torre-loizaga-en-la-revista-marca\\\/#breadcrumb\",\"itemListElement\":[{\"@type\":\"ListItem\",\"position\":1,\"name\":\"Portada\",\"item\":\"https:\\\/\\\/torreloizaga.com\\\/en\\\/\"},{\"@type\":\"ListItem\",\"position\":2,\"name\":\"Reportaje de la revista Marca sobre la Colecci\u00f3n Miguel de la V\u00eda\"}]},{\"@type\":\"WebSite\",\"@id\":\"https:\\\/\\\/torreloizaga.com\\\/en\\\/#website\",\"url\":\"https:\\\/\\\/torreloizaga.com\\\/en\\\/\",\"name\":\"Torre Loizaga\",\"description\":\"Museum of classic cars\",\"publisher\":{\"@id\":\"https:\\\/\\\/torreloizaga.com\\\/en\\\/#organization\"},\"potentialAction\":[{\"@type\":\"SearchAction\",\"target\":{\"@type\":\"EntryPoint\",\"urlTemplate\":\"https:\\\/\\\/torreloizaga.com\\\/en\\\/?s={search_term_string}\"},\"query-input\":{\"@type\":\"PropertyValueSpecification\",\"valueRequired\":true,\"valueName\":\"search_term_string\"}}],\"inLanguage\":\"en-US\"},{\"@type\":\"Organization\",\"@id\":\"https:\\\/\\\/torreloizaga.com\\\/en\\\/#organization\",\"name\":\"Torre Loizaga\",\"url\":\"https:\\\/\\\/torreloizaga.com\\\/en\\\/\",\"logo\":{\"@type\":\"ImageObject\",\"inLanguage\":\"en-US\",\"@id\":\"https:\\\/\\\/torreloizaga.com\\\/en\\\/#\\\/schema\\\/logo\\\/image\\\/\",\"url\":\"https:\\\/\\\/torreloizaga.com\\\/wp-content\\\/uploads\\\/2019\\\/11\\\/cmv-logo.png\",\"contentUrl\":\"https:\\\/\\\/torreloizaga.com\\\/wp-content\\\/uploads\\\/2019\\\/11\\\/cmv-logo.png\",\"width\":126,\"height\":126,\"caption\":\"Torre Loizaga\"},\"image\":{\"@id\":\"https:\\\/\\\/torreloizaga.com\\\/en\\\/#\\\/schema\\\/logo\\\/image\\\/\"},\"sameAs\":[\"https:\\\/\\\/www.facebook.com\\\/TorreLoizaga\",\"https:\\\/\\\/x.com\\\/torreloizaga\",\"https:\\\/\\\/www.instagram.com\\\/torreloizaga\\\/\",\"https:\\\/\\\/www.linkedin.com\\\/in\\\/marialopeztapia\",\"https:\\\/\\\/www.youtube.com\\\/channel\\\/UCTCV4tYrMj20FDcRrkHQ5jw\"]},{\"@type\":\"Person\",\"@id\":\"https:\\\/\\\/torreloizaga.com\\\/en\\\/#\\\/schema\\\/person\\\/099a2b5b59f5ac09867e108341634361\",\"name\":\"Torre-Loizaga\",\"url\":\"https:\\\/\\\/torreloizaga.com\\\/en\\\/author\\\/torre-loizaga\\\/\"}]}<\/script>\n<!-- \/ Yoast SEO plugin. -->","yoast_head_json":{"title":"Reportaje de la revista Marca sobre la Colecci\u00f3n Miguel de la V\u00eda - Torre Loizaga","robots":{"index":"index","follow":"follow","max-snippet":"max-snippet:-1","max-image-preview":"max-image-preview:large","max-video-preview":"max-video-preview:-1"},"canonical":"https:\/\/torreloizaga.com\/en\/un-nuevo-reportaje-sobre-torre-loizaga-en-la-revista-marca\/","og_locale":"en_US","og_type":"article","og_title":"Reportaje de la revista Marca sobre la Colecci\u00f3n Miguel de la V\u00eda - Torre Loizaga","og_description":"Siempre es una agradable sorpresa ver reflejada en los medios de comunicaci\u00f3n la &#8220;Colecci\u00f3n Miguel de la V\u00eda-CMV&#8221; de Coches Cl\u00e1sicos que alberga Torre Loizaga. Tras el extenso reportaje que nos dedic\u00f3 la revista &#8220;\u00a1Hola!&#8221; el mes pasado, ahora ha sido el semanal especializado &#8220;Marca&#8221; el que con el sugerente t\u00edtulo de &#8220;El Santuario de los Rolls-Royce&#8221; recorre los entresijos [&hellip;]","og_url":"https:\/\/torreloizaga.com\/en\/un-nuevo-reportaje-sobre-torre-loizaga-en-la-revista-marca\/","og_site_name":"Torre Loizaga","article_publisher":"https:\/\/www.facebook.com\/TorreLoizaga","article_published_time":"2015-08-07T11:09:45+00:00","article_modified_time":"2020-06-16T11:10:11+00:00","og_image":[{"width":450,"height":300,"url":"https:\/\/torreloizaga.com\/wp-content\/uploads\/2015\/08\/IMG_6068.jpg","type":"image\/jpeg"}],"author":"Torre-Loizaga","twitter_card":"summary_large_image","twitter_creator":"@torreloizaga","twitter_site":"@torreloizaga","twitter_misc":{"Written by":"Torre-Loizaga","Est. reading time":"2 minutes"},"schema":{"@context":"https:\/\/schema.org","@graph":[{"@type":"Article","@id":"https:\/\/torreloizaga.com\/en\/un-nuevo-reportaje-sobre-torre-loizaga-en-la-revista-marca\/#article","isPartOf":{"@id":"https:\/\/torreloizaga.com\/en\/un-nuevo-reportaje-sobre-torre-loizaga-en-la-revista-marca\/"},"author":{"name":"Torre-Loizaga","@id":"https:\/\/torreloizaga.com\/en\/#\/schema\/person\/099a2b5b59f5ac09867e108341634361"},"headline":"Reportaje de la revista Marca sobre la Colecci\u00f3n Miguel de la V\u00eda","datePublished":"2015-08-07T11:09:45+00:00","dateModified":"2020-06-16T11:10:11+00:00","mainEntityOfPage":{"@id":"https:\/\/torreloizaga.com\/en\/un-nuevo-reportaje-sobre-torre-loizaga-en-la-revista-marca\/"},"wordCount":432,"publisher":{"@id":"https:\/\/torreloizaga.com\/en\/#organization"},"image":{"@id":"https:\/\/torreloizaga.com\/en\/un-nuevo-reportaje-sobre-torre-loizaga-en-la-revista-marca\/#primaryimage"},"thumbnailUrl":"https:\/\/torreloizaga.com\/wp-content\/uploads\/2015\/08\/IMG_6068.jpg","keywords":["\u00a1Hola!","coches cl\u00e1sicos","Colecci\u00f3n Miguel de la V\u00eda","Encartaciones","Enkarterri","Marca","Prensa","Rolls-Royce","torre-loizaga"],"articleSection":["Noticias"],"inLanguage":"en-US"},{"@type":"WebPage","@id":"https:\/\/torreloizaga.com\/en\/un-nuevo-reportaje-sobre-torre-loizaga-en-la-revista-marca\/","url":"https:\/\/torreloizaga.com\/en\/un-nuevo-reportaje-sobre-torre-loizaga-en-la-revista-marca\/","name":"Reportaje de la revista Marca sobre la Colecci\u00f3n Miguel de la V\u00eda - Torre Loizaga","isPartOf":{"@id":"https:\/\/torreloizaga.com\/en\/#website"},"primaryImageOfPage":{"@id":"https:\/\/torreloizaga.com\/en\/un-nuevo-reportaje-sobre-torre-loizaga-en-la-revista-marca\/#primaryimage"},"image":{"@id":"https:\/\/torreloizaga.com\/en\/un-nuevo-reportaje-sobre-torre-loizaga-en-la-revista-marca\/#primaryimage"},"thumbnailUrl":"https:\/\/torreloizaga.com\/wp-content\/uploads\/2015\/08\/IMG_6068.jpg","datePublished":"2015-08-07T11:09:45+00:00","dateModified":"2020-06-16T11:10:11+00:00","breadcrumb":{"@id":"https:\/\/torreloizaga.com\/en\/un-nuevo-reportaje-sobre-torre-loizaga-en-la-revista-marca\/#breadcrumb"},"inLanguage":"en-US","potentialAction":[{"@type":"ReadAction","target":["https:\/\/torreloizaga.com\/en\/un-nuevo-reportaje-sobre-torre-loizaga-en-la-revista-marca\/"]}]},{"@type":"ImageObject","inLanguage":"en-US","@id":"https:\/\/torreloizaga.com\/en\/un-nuevo-reportaje-sobre-torre-loizaga-en-la-revista-marca\/#primaryimage","url":"https:\/\/torreloizaga.com\/wp-content\/uploads\/2015\/08\/IMG_6068.jpg","contentUrl":"https:\/\/torreloizaga.com\/wp-content\/uploads\/2015\/08\/IMG_6068.jpg","width":450,"height":300,"caption":"National Classic Tour"},{"@type":"BreadcrumbList","@id":"https:\/\/torreloizaga.com\/en\/un-nuevo-reportaje-sobre-torre-loizaga-en-la-revista-marca\/#breadcrumb","itemListElement":[{"@type":"ListItem","position":1,"name":"Portada","item":"https:\/\/torreloizaga.com\/en\/"},{"@type":"ListItem","position":2,"name":"Reportaje de la revista Marca sobre la Colecci\u00f3n Miguel de la V\u00eda"}]},{"@type":"WebSite","@id":"https:\/\/torreloizaga.com\/en\/#website","url":"https:\/\/torreloizaga.com\/en\/","name":"Torre Loizaga","description":"Museum of classic cars","publisher":{"@id":"https:\/\/torreloizaga.com\/en\/#organization"},"potentialAction":[{"@type":"SearchAction","target":{"@type":"EntryPoint","urlTemplate":"https:\/\/torreloizaga.com\/en\/?s={search_term_string}"},"query-input":{"@type":"PropertyValueSpecification","valueRequired":true,"valueName":"search_term_string"}}],"inLanguage":"en-US"},{"@type":"Organization","@id":"https:\/\/torreloizaga.com\/en\/#organization","name":"Torre Loizaga","url":"https:\/\/torreloizaga.com\/en\/","logo":{"@type":"ImageObject","inLanguage":"en-US","@id":"https:\/\/torreloizaga.com\/en\/#\/schema\/logo\/image\/","url":"https:\/\/torreloizaga.com\/wp-content\/uploads\/2019\/11\/cmv-logo.png","contentUrl":"https:\/\/torreloizaga.com\/wp-content\/uploads\/2019\/11\/cmv-logo.png","width":126,"height":126,"caption":"Torre Loizaga"},"image":{"@id":"https:\/\/torreloizaga.com\/en\/#\/schema\/logo\/image\/"},"sameAs":["https:\/\/www.facebook.com\/TorreLoizaga","https:\/\/x.com\/torreloizaga","https:\/\/www.instagram.com\/torreloizaga\/","https:\/\/www.linkedin.com\/in\/marialopeztapia","https:\/\/www.youtube.com\/channel\/UCTCV4tYrMj20FDcRrkHQ5jw"]},{"@type":"Person","@id":"https:\/\/torreloizaga.com\/en\/#\/schema\/person\/099a2b5b59f5ac09867e108341634361","name":"Torre-Loizaga","url":"https:\/\/torreloizaga.com\/en\/author\/torre-loizaga\/"}]}},"_links":{"self":[{"href":"https:\/\/torreloizaga.com\/en\/wp-json\/wp\/v2\/posts\/2890","targetHints":{"allow":["GET"]}}],"collection":[{"href":"https:\/\/torreloizaga.com\/en\/wp-json\/wp\/v2\/posts"}],"about":[{"href":"https:\/\/torreloizaga.com\/en\/wp-json\/wp\/v2\/types\/post"}],"author":[{"embeddable":true,"href":"https:\/\/torreloizaga.com\/en\/wp-json\/wp\/v2\/users\/2"}],"replies":[{"embeddable":true,"href":"https:\/\/torreloizaga.com\/en\/wp-json\/wp\/v2\/comments?post=2890"}],"version-history":[{"count":1,"href":"https:\/\/torreloizaga.com\/en\/wp-json\/wp\/v2\/posts\/2890\/revisions"}],"predecessor-version":[{"id":5018,"href":"https:\/\/torreloizaga.com\/en\/wp-json\/wp\/v2\/posts\/2890\/revisions\/5018"}],"wp:featuredmedia":[{"embeddable":true,"href":"https:\/\/torreloizaga.com\/en\/wp-json\/wp\/v2\/media\/2386"}],"wp:attachment":[{"href":"https:\/\/torreloizaga.com\/en\/wp-json\/wp\/v2\/media?parent=2890"}],"wp:term":[{"taxonomy":"category","embeddable":true,"href":"https:\/\/torreloizaga.com\/en\/wp-json\/wp\/v2\/categories?post=2890"},{"taxonomy":"post_tag","embeddable":true,"href":"https:\/\/torreloizaga.com\/en\/wp-json\/wp\/v2\/tags?post=2890"}],"curies":[{"name":"wp","href":"https:\/\/api.w.org\/{rel}","templated":true}]}}